{"id":722,"date":"2019-04-19T00:38:04","date_gmt":"2019-04-18T22:38:04","guid":{"rendered":"https:\/\/casa-del-popolo-di-settignano.noblogs.org\/?p=722"},"modified":"2019-04-19T00:39:15","modified_gmt":"2019-04-18T22:39:15","slug":"cena-contadina-e-proiezione-di-food-coop","status":"publish","type":"post","link":"https:\/\/casa-del-popolo-di-settignano.noblogs.org\/?p=722","title":{"rendered":"Cena Contadina e proiezione di FOOD COOP"},"content":{"rendered":"<h3 style=\"text-align: center\"><img loading=\"lazy\" decoding=\"async\" class=\"alignnone wp-image-723\" src=\"https:\/\/casa-del-popolo-di-settignano.noblogs.org\/files\/2019\/04\/food-coopcon-cena-212x300.jpg\" alt=\"\" width=\"294\" height=\"416\" srcset=\"https:\/\/casa-del-popolo-di-settignano.noblogs.org\/files\/2019\/04\/food-coopcon-cena-212x300.jpg 212w, https:\/\/casa-del-popolo-di-settignano.noblogs.org\/files\/2019\/04\/food-coopcon-cena-768x1086.jpg 768w, https:\/\/casa-del-popolo-di-settignano.noblogs.org\/files\/2019\/04\/food-coopcon-cena-724x1024.jpg 724w, https:\/\/casa-del-popolo-di-settignano.noblogs.org\/files\/2019\/04\/food-coopcon-cena.jpg 1182w\" sizes=\"auto, (max-width: 294px) 100vw, 294px\" \/><\/h3>\n<h3 style=\"text-align: center\">La pi\u00f9 bella esperienza sociale degli Stati Uniti, una pessima notizia per la grande distribuzione!<\/h3>\n<p>Noi dell&#8217;alveare, con CinemAnemico organizziamo alla Casa del Popolo di Settignano una bella cena contadina con i prodotti dell&#8217;alveare e proiezione del film documentario FOOD COOP !<\/p>\n<p>Ore 19.45 Arrivo e accomadamento ai tavoli.<\/p>\n<p>Ore 20.00 Cena collettiva con<br \/>\n-grande antipasto,<br \/>\n&#8211; 2 primi,<br \/>\n&#8211; dolci<br \/>\n&#8211; Acqua e vino<\/p>\n<p>Dettagli sul men\u00f9 arriveranno presto!<\/p>\n<p>Ore 21.30 Proiezione di FOOD COOP<\/p>\n<p>Una serata per stare insieme e condividere rivoluzioni alimentari possibili!<\/p>\n<p>Costo 15 \u20ac<\/p>\n<p>ATTENZIONE<br \/>\nPrenotazione obbligatoria entro il 7 maggio telefonando o mandando messaggio whatsApp a<br \/>\nSilvia: 348 0840303<br \/>\nMoreno: 335 8756052<\/p>\n<p>E&#8217; possibile prenotare e anticipare la quota marted\u00ec 30 aprile e marted\u00ec 7 maggio alla distribuzione settimanale dell&#8217;alveare in orario 18-19 o scrivendo ad alveare.multiverso@gmail.com<\/p>\n<p>E&#8217; necessaria la tessera ARCI o LEGAMBIENTE o UISP, pu\u00f2 essere anche fatta in loco direttamente la sera dell&#8217;evento.<\/p>\n<p>INFO SUL DOCUMENTARIO<br \/>\nNel pieno della crisi economica, all&#8217;ombra di Wall street, la Park Slope Food Coop \u00e8 in piena crescita. Nata nel 1973 da alcuni utopisti che decisero di creare un supermercato autogestito, oggi vanta 17.000 membri che lavorano nel supermercato 3 ore al mese e in cambio benefciano dei migliori prodotti alimentari della citt\u00e0 di New York a prezzi decisamente bassi.<br \/>\nTom Boothe, americano ma residente a Parigi, ha girato questo documentario sviluppando in contemporanea il progetto Le Louve: un supermercato cooperativo in Francia che funziona sugli stessi principi del Park Slope Food Coop. Girare il documentario gli \u00e8 servito per capire come concretizzare questo incredibile esempio di cooperazione, una delle esperienze sociali pi\u00f9 riuscite degli Stati Uniti. L&#8217;uscita del Flm in Francia (oltre 25.000 biglietti venduti) ha ispirato pi\u00f9 di 30 cooperative che stanno riproducendo questo modello.<\/p>\n<p>Partecipate!<\/p>\n","protected":false},"excerpt":{"rendered":"<p>La pi\u00f9 bella esperienza sociale degli Stati Uniti, una pessima notizia per la grande distribuzione! Noi dell&#8217;alveare, con CinemAnemico organizziamo alla Casa del Popolo di Settignano una bella cena contadina con i prodotti dell&#8217;alveare e proiezione del film documentario FOOD COOP ! Ore 19.45 Arrivo e accomadamento ai tavoli. Ore 20.00 Cena collettiva con -grande [&hellip;]<\/p>\n","protected":false},"author":355,"featured_media":0,"comment_status":"open","ping_status":"open","sticky":false,"template":"","format":"standard","meta":{"footnotes":""},"categories":[4,8,1],"tags":[],"class_list":["post-722","post","type-post","status-publish","format-standard","hentry","category-cinemanemico","category-eventi","category-general"],"_links":{"self":[{"href":"https:\/\/casa-del-popolo-di-settignano.noblogs.org\/index.php?rest_route=\/wp\/v2\/posts\/722","targetHints":{"allow":["GET"]}}],"collection":[{"href":"https:\/\/casa-del-popolo-di-settignano.noblogs.org\/index.php?rest_route=\/wp\/v2\/posts"}],"about":[{"href":"https:\/\/casa-del-popolo-di-settignano.noblogs.org\/index.php?rest_route=\/wp\/v2\/types\/post"}],"author":[{"embeddable":true,"href":"https:\/\/casa-del-popolo-di-settignano.noblogs.org\/index.php?rest_route=\/wp\/v2\/users\/355"}],"replies":[{"embeddable":true,"href":"https:\/\/casa-del-popolo-di-settignano.noblogs.org\/index.php?rest_route=%2Fwp%2Fv2%2Fcomments&post=722"}],"version-history":[{"count":2,"href":"https:\/\/casa-del-popolo-di-settignano.noblogs.org\/index.php?rest_route=\/wp\/v2\/posts\/722\/revisions"}],"predecessor-version":[{"id":727,"href":"https:\/\/casa-del-popolo-di-settignano.noblogs.org\/index.php?rest_route=\/wp\/v2\/posts\/722\/revisions\/727"}],"wp:attachment":[{"href":"https:\/\/casa-del-popolo-di-settignano.noblogs.org\/index.php?rest_route=%2Fwp%2Fv2%2Fmedia&parent=722"}],"wp:term":[{"taxonomy":"category","embeddable":true,"href":"https:\/\/casa-del-popolo-di-settignano.noblogs.org\/index.php?rest_route=%2Fwp%2Fv2%2Fcategories&post=722"},{"taxonomy":"post_tag","embeddable":true,"href":"https:\/\/casa-del-popolo-di-settignano.noblogs.org\/index.php?rest_route=%2Fwp%2Fv2%2Ftags&post=722"}],"curies":[{"name":"wp","href":"https:\/\/api.w.org\/{rel}","templated":true}]}}