{"id":713,"date":"2019-04-03T00:16:26","date_gmt":"2019-04-02T22:16:26","guid":{"rendered":"https:\/\/casa-del-popolo-di-settignano.noblogs.org\/?p=713"},"modified":"2019-04-03T00:16:48","modified_gmt":"2019-04-02T22:16:48","slug":"713","status":"publish","type":"post","link":"https:\/\/casa-del-popolo-di-settignano.noblogs.org\/?p=713","title":{"rendered":"UN CINEMA NOMADE"},"content":{"rendered":"<p>&nbsp;<\/p>\n<p><img loading=\"lazy\" decoding=\"async\" class=\"alignnone wp-image-715\" src=\"https:\/\/casa-del-popolo-di-settignano.noblogs.org\/files\/2019\/04\/nomade-logo-300x212.jpg\" alt=\"\" width=\"391\" height=\"276\" srcset=\"https:\/\/casa-del-popolo-di-settignano.noblogs.org\/files\/2019\/04\/nomade-logo-300x212.jpg 300w, https:\/\/casa-del-popolo-di-settignano.noblogs.org\/files\/2019\/04\/nomade-logo-768x543.jpg 768w, https:\/\/casa-del-popolo-di-settignano.noblogs.org\/files\/2019\/04\/nomade-logo-1024x724.jpg 1024w, https:\/\/casa-del-popolo-di-settignano.noblogs.org\/files\/2019\/04\/nomade-logo.jpg 1588w\" sizes=\"auto, (max-width: 391px) 100vw, 391px\" \/><\/p>\n<p><strong>\u201cLa musica \u00e8 parte fondamentale di ogni esilio. Quando ti trovi a dover lasciare la tua terra, non puoi portare con te pi\u00f9 di qualche valigia. Il resto, devi lasciarlo tutto l\u00ec, il paesaggio, le piante, tutto&#8230; Una cosa che puoi portare con te \u00e8 la musica, e per lungo tempo la musica degli immigrati rimane in esilio anche lei, non la si pu\u00f2 ascoltare alla radio o alla tv. Ma la musica continua ed esistere, ed \u00e8 ci\u00f2 che tiene uniti i popoli in esilio e che li fa integrare con quelli che li ospitano\u201d.<\/strong><\/p>\n<p><strong> <img loading=\"lazy\" decoding=\"async\" class=\"alignnone size-medium wp-image-716\" src=\"https:\/\/casa-del-popolo-di-settignano.noblogs.org\/files\/2019\/04\/LATCHO-DROM-212x300.jpg\" alt=\"\" width=\"212\" height=\"300\" srcset=\"https:\/\/casa-del-popolo-di-settignano.noblogs.org\/files\/2019\/04\/LATCHO-DROM-212x300.jpg 212w, https:\/\/casa-del-popolo-di-settignano.noblogs.org\/files\/2019\/04\/LATCHO-DROM-768x1086.jpg 768w, https:\/\/casa-del-popolo-di-settignano.noblogs.org\/files\/2019\/04\/LATCHO-DROM-724x1024.jpg 724w\" sizes=\"auto, (max-width: 212px) 100vw, 212px\" \/><\/strong><\/p>\n<p><strong>Venerd\u00ec 5 aprile 21.30<\/strong><\/p>\n<table width=\"100%\">\n<tbody>\n<tr>\n<td><strong><em>Un documentario sui viaggi, le musiche, le danze dei gruppi gitani provenienti da Rajastan, Egitto,Turchia, Romania, Ungheria, Slovacchia, Francia e Spagna<\/em><\/strong><\/td>\n<\/tr>\n<\/tbody>\n<\/table>\n<p><strong>&nbsp;<\/strong><\/p>\n<p><strong>&nbsp;<\/strong><\/p>\n<p><strong>LATCHO DROM <\/strong><\/p>\n<p>&nbsp;<\/p>\n<p>Un film di Tony Gatlif. Documentario, durata 103 min. &#8211; Francia 1993.<\/p>\n<p>&nbsp;<\/p>\n<p><strong>Immagini, musiche, danze, luoghi, persone ci accompagnano in un viaggio meraviglioso dall\u2019India alla Spagna che non ha bisogno di traduzioni o sottotitoli.<\/strong><\/p>\n<p><strong>Un popolo percorre una lunga strada mostrandoci&nbsp; la sua evoluzione musicale che si trasforma via via, fino ad approdare al flamenco.<\/strong><\/p>\n<p><strong>&nbsp;<\/strong><\/p>\n<p><strong>L\u2019unica didascalia \u00e8 all\u2019inizio del film e recita pi\u00f9 o meno cos\u00ec:<\/strong><\/p>\n<p><strong>&nbsp;<\/strong><\/p>\n<p><strong>\u201cPartiti al Nord-Ovest dell\u2019India quasi mille anni fa per delle ragioni ancora sconosciute, i gitani hanno battuto le rotte d\u2019Europa, d\u2019Egitto, dell\u2019Africa del Nord\u2026 Nel corso di questo lungo periplo attraverso le frontiere dell\u2019India, i termini di gitano, halab, tsigane, boh\u00e9mien, gypsy\u2026 sono stati dati al popolo ROM.\u201d<\/strong><\/p>\n<p><strong>Venerd\u00ec 12 aprile 21.30<\/strong><\/p>\n<table width=\"100%\">\n<tbody>\n<tr>\n<td><strong><em>&nbsp; <\/em><\/strong><strong><em>La complessa realt\u00e0 della vita degli zingari<\/em><\/strong><\/p>\n<p>&nbsp;<\/td>\n<\/tr>\n<\/tbody>\n<\/table>\n<p><strong>&nbsp;<\/strong><\/p>\n<p><strong>&nbsp;<\/strong><\/p>\n<p><strong>LES PRINCES<\/strong><\/p>\n<p>&nbsp;<\/p>\n<p>Un film di Tony Gatlif. Con Gerard Darmon, Muse Dalbray, Celine Militon<\/p>\n<p>Drammatico, durata 87 min. &#8211; Francia 1982.<\/p>\n<p><strong>Un regista gira un film sulla complessa realt\u00e0 della vita degli zingari. Nara, ripudiata la vita nomade e la moglie colpevole di usare anticoncezionali, vive con la madre e la figlia alla periferia di una grande citt\u00e0 francese. Sfrattati dalla polizia, i tre zingari si incamminano a piedi verso la citt\u00e0 nella quale vive un avvocato loro amico, seguiti dalla moglie di Nara, che non ha mai smesso di amarlo. Durante il viaggio, la vecchia matriarca, custode delle antiche tradizioni gitane, muore, ma il peregrinare della sua gente non avr\u00e0 mai fine.<\/strong><\/p>\n<p>mymovies.it<\/p>\n<p><strong>Venerd\u00ec 19 aprile &nbsp;21.30<\/strong><\/p>\n<table width=\"100%\">\n<tbody>\n<tr>\n<td><strong><em>Gatlif si interroga con sincerit\u00e0 sulla sorte degli ultimi tenendo fermo il riferimento a un microcosmo che non sopporta idealizzazioni e astrazioni<\/em><\/strong><\/p>\n<p><strong><em>&nbsp;<\/em><\/strong><\/td>\n<\/tr>\n<\/tbody>\n<\/table>\n<p><strong>&nbsp;<\/strong><\/p>\n<p><strong>&nbsp;<\/strong><\/p>\n<p><strong>&nbsp;G\u00c9RONIMO<\/strong><\/p>\n<p>&nbsp;<\/p>\n<p>Un film diTony Gatlif. Con C\u00e9line Sallette, Rachid Yous, David Murgia, Aksel Ustun. Genere Drammatico &#8211; Francia, 2014, durata 104 minuti<strong>.<\/strong><\/p>\n<p><strong>&nbsp;<\/strong><\/p>\n<p><strong>In una citt\u00e0 nel sud della Francia, Nil, una giovane adolescente d&#8217;origine turca, fugge da un matrimonio combinato e scappa con l&#8217;innamorato Lucky, un giovane gitano. Per evitare le ritorsioni delle loro famiglie, i due scompaiono e provocano un terremoto nel loro quartiere di Saint Pierre. Gemma, detta Geronimo, educatrice del quartiere, far\u00e0 di tutto per rintracciarli dal momento che Nil rischia di finire tra le mani del fratello Fazil, intenzionato a far rispettare l&#8217;onore della famiglia e alla ricerca di una propria identit\u00e0 con il pretesto di tradizioni ancestrali.<\/strong><\/p>\n<p>cineuropa.org<\/p>\n<p><strong>Venerd\u00ec 26 aprile 21.30<\/strong><\/p>\n<table width=\"100%\">\n<tbody>\n<tr>\n<td><strong><em>Da Istanbul alla Grecia, un &#8216;road movie&#8217; musicale che e`un inno alla liberta` <\/em><\/strong><\/p>\n<p>&nbsp;<\/td>\n<\/tr>\n<\/tbody>\n<\/table>\n<p>&nbsp;<\/p>\n<p><strong>DJAM<\/strong><\/p>\n<p>&nbsp;<\/p>\n<p>Un film di Tony Gatlif. Con Daphne Patakia, Simon Abkarian, Maryne Cayon, Kimon Kouris Drammatico, durata 97 min. &#8211; Francia 2017.<\/p>\n<p><strong>&nbsp;<\/strong><\/p>\n<p><strong>&nbsp;<\/strong><\/p>\n<p><strong>&nbsp;<\/strong><\/p>\n<p><strong>&nbsp;<\/strong><\/p>\n<p><strong>&nbsp;<\/strong><\/p>\n<p><strong>&nbsp;<\/strong><\/p>\n<p><strong>&nbsp;<\/strong><\/p>\n<p><strong>&nbsp;<\/strong><\/p>\n<p><strong>&nbsp;<\/strong><\/p>\n<p><strong>Djam \u00e8 l\u2019incarnazione dello spirito del rebetiko. Libera, sicura di s\u00e9, vive come vuole e la sua gioia \u00e8 semplice poich\u00e9 ricomincia a ogni canzone, a ogni incontro, che diventa sempre condivisione, ma l\u2019analogia con il canto greco va oltre. Attraverso questo personaggio che sprigiona purezza, che va in giro senza niente sotto la gonna, sui tetti brucianti dove cammina e dove dorme la notte, a cielo aperto, Gatlif ha anche voluto \u2013 spiega, risentito per la regressione della condizione femminile dalla fine degli anni Sessanta \u2013 restituire alla donna un\u2019indipendenza che le stanno portando via. Se Djam non si pone il problema delle mutande, o di essere sfacciata, \u00e8 perch\u00e9 non deve farlo. Non solo lei sa chi \u00e8, ma come direbbe Pr\u00e9vert, lei \u00e8 come \u00e8 e fa quello che vuole e non deve nascondersi, e fa molto bene perch\u00e9 \u00e8 cos\u00ec che ci piace.<\/strong><\/p>\n<p>cineuropa.org<\/p>\n<p><strong>&nbsp;<\/strong><\/p>\n","protected":false},"excerpt":{"rendered":"<p>&nbsp; \u201cLa musica \u00e8 parte fondamentale di ogni esilio. Quando ti trovi a dover lasciare la tua terra, non puoi portare con te pi\u00f9 di qualche valigia. Il resto, devi lasciarlo tutto l\u00ec, il paesaggio, le piante, tutto&#8230; Una cosa che puoi portare con te \u00e8 la musica, e per lungo tempo la musica degli [&hellip;]<\/p>\n","protected":false},"author":355,"featured_media":0,"comment_status":"open","ping_status":"open","sticky":false,"template":"","format":"standard","meta":{"footnotes":""},"categories":[4,8,1],"tags":[],"class_list":["post-713","post","type-post","status-publish","format-standard","hentry","category-cinemanemico","category-eventi","category-general"],"_links":{"self":[{"href":"https:\/\/casa-del-popolo-di-settignano.noblogs.org\/index.php?rest_route=\/wp\/v2\/posts\/713","targetHints":{"allow":["GET"]}}],"collection":[{"href":"https:\/\/casa-del-popolo-di-settignano.noblogs.org\/index.php?rest_route=\/wp\/v2\/posts"}],"about":[{"href":"https:\/\/casa-del-popolo-di-settignano.noblogs.org\/index.php?rest_route=\/wp\/v2\/types\/post"}],"author":[{"embeddable":true,"href":"https:\/\/casa-del-popolo-di-settignano.noblogs.org\/index.php?rest_route=\/wp\/v2\/users\/355"}],"replies":[{"embeddable":true,"href":"https:\/\/casa-del-popolo-di-settignano.noblogs.org\/index.php?rest_route=%2Fwp%2Fv2%2Fcomments&post=713"}],"version-history":[{"count":2,"href":"https:\/\/casa-del-popolo-di-settignano.noblogs.org\/index.php?rest_route=\/wp\/v2\/posts\/713\/revisions"}],"predecessor-version":[{"id":718,"href":"https:\/\/casa-del-popolo-di-settignano.noblogs.org\/index.php?rest_route=\/wp\/v2\/posts\/713\/revisions\/718"}],"wp:attachment":[{"href":"https:\/\/casa-del-popolo-di-settignano.noblogs.org\/index.php?rest_route=%2Fwp%2Fv2%2Fmedia&parent=713"}],"wp:term":[{"taxonomy":"category","embeddable":true,"href":"https:\/\/casa-del-popolo-di-settignano.noblogs.org\/index.php?rest_route=%2Fwp%2Fv2%2Fcategories&post=713"},{"taxonomy":"post_tag","embeddable":true,"href":"https:\/\/casa-del-popolo-di-settignano.noblogs.org\/index.php?rest_route=%2Fwp%2Fv2%2Ftags&post=713"}],"curies":[{"name":"wp","href":"https:\/\/api.w.org\/{rel}","templated":true}]}}