{"id":297,"date":"2015-04-15T20:58:41","date_gmt":"2015-04-15T18:58:41","guid":{"rendered":"http:\/\/casa-del-popolo-di-settignano.noblogs.org\/?p=297"},"modified":"2015-04-16T17:40:52","modified_gmt":"2015-04-16T15:40:52","slug":"297","status":"publish","type":"post","link":"https:\/\/casa-del-popolo-di-settignano.noblogs.org\/?p=297","title":{"rendered":"CENTRI ESTIVI A SETTIGNANO 2015"},"content":{"rendered":"<p align=\"right\">\u201cL&#8217;errore pi\u00f9 grande \u00e8 stato quello<\/p>\n<p align=\"right\">di credere che la terra fosse nostra<\/p>\n<p align=\"right\">quando la verit\u00e0 delle cose \u00e8 che<\/p>\n<p align=\"right\">noi siamo la terra\u201d<\/p>\n<p align=\"right\">Nicador Parra<\/p>\n<h1 style=\"text-align: center\"><b>CENTRI ESTIVI A SETTIGNANO 2015<\/b><\/h1>\n<h1 style=\"text-align: center\"><\/h1>\n<h1 style=\"text-align: center\"><b><a href=\"http:\/\/www.centriestivifirenze.it\/\"><img loading=\"lazy\" decoding=\"async\" class=\"aligncenter  wp-image-302\" src=\"https:\/\/casa-del-popolo-di-settignano.noblogs.org\/files\/2014\/04\/volantino-che-uso-dal-primo-anno-200x300.jpg\" alt=\"volantino che uso dal primo anno\" width=\"335\" height=\"503\" srcset=\"https:\/\/casa-del-popolo-di-settignano.noblogs.org\/files\/2014\/04\/volantino-che-uso-dal-primo-anno-200x300.jpg 200w, https:\/\/casa-del-popolo-di-settignano.noblogs.org\/files\/2014\/04\/volantino-che-uso-dal-primo-anno-682x1024.jpg 682w, https:\/\/casa-del-popolo-di-settignano.noblogs.org\/files\/2014\/04\/volantino-che-uso-dal-primo-anno-100x150.jpg 100w\" sizes=\"auto, (max-width: 335px) 100vw, 335px\" \/><\/a><\/b><\/h1>\n<p>&nbsp;<\/p>\n<p>Siamo arrivati, orgogliosamente, alla ottava\u00a0edizione, ma molti, che ancora non ci conoscono, potrebbero chiedersi: cosa possono offrire dei Centri Estivi a Settignano, all\u2019interno della Casa del Popolo?<\/p>\n<p>Le proposte del territorio che vengono incontro alla necessit\u00e0 delle famiglie di trovare un luogo, e soprattutto delle persone, a cui affidare i loro figli quando la scuola \u00e8 chiusa sono infinite, anche se molte si limitano a mettere a disposizione un \u201cparcheggio\u201d. La Casa del Popolo, ben lungi da questa impostazione, non vuole per\u00f2 nemmeno offrire una semplice occasione di apprendimento ed educazione.<\/p>\n<p>La Casa del Popolo esiste ed \u00e8 cresciuta in questi ultimi anni nei suoi intenti e nelle sue iniziative solo grazie al lavoro e alla dedizione di molte persone che credono ad un progetto condiviso di solidariet\u00e0 e partecipazione. E\u2019 un progetto un p\u00f2 idealista, forse, ma che a piccoli passi costruisce una societ\u00e0 migliore.<\/p>\n<p>Questo anno abbiamo pensato di rendere partecipi di questo progetto anche i pi\u00f9 piccoli..<\/p>\n<p>Due semplici fili animano questo intento:<\/p>\n<ul>\n<li>la qualit\u00e0 del tempo e delle relazioni<\/li>\n<li>Il rispetto per la natura e la cultura<\/li>\n<\/ul>\n<p>Con criteri e standard educativi per rispondere al meglio alle domande di cura, socializzazione e divertimento, i bambini e ragazzi avranno, nel centro estivo, la possibilit\u00e0 di incontrarsi, imparare, divertirsi. Cercheremo di restituire ai bambini uno spazio che \u00e8 a loro misura, proponendo attivit\u00e0 musicali, sportive, laboratori teatrali e di pittura, di apprendimento delle lingue, di animazione.<\/p>\n<p>Oggi, nel tempo della fretta e dell&#8217;utilitarismo, nelle giornate lunghe dei centri estivi c&#8217;\u00e8 tempo per la lentezza, l&#8217;amicizia, la relazione, l&#8217;incontro. C&#8217;\u00e8 tempo per la sorpresa e per la conoscenza di bambini e ragazzi pi\u00f9 piccoli o pi\u00f9 grandi. C&#8217;\u00e8 tempo per tutto quello che non pu\u00f2 stare nelle giornate ritmate da impegni scolastici, nuoto, televisione, giochi elettronici, cena e ancora televisione. C&#8217;\u00e8 tempo per l&#8217;ascolto, le chiacchiere, la lettura. C&#8217;\u00e8, soprattutto, tempo per provare a costruire relazioni. Per questo pensiamo che le proposte di questa estate a Settignano costituiscano, nel loro insieme, un grande libro per le vacanze che, in ogni pagina, propone una scoperta, un incontro, una sorpresa, una risata.<\/p>\n<p>I bambini per crescere hanno bisogno infatti di tempi lunghi e distesi, hanno soprattutto bisogno dei tempi della natura e della cultura e del rispetto per entrambe.<\/p>\n<p>Quest\u2019anno il filo rosso che intreccer\u00e0 e legher\u00e0 tutte le attivit\u00e0 che svolgeremo, sar\u00e0 infatti il tema dell\u2019ambiente in tutte le sue sfumature e assonanze, dissonanze e armonie: dalla conoscenza dell\u2019ambiente naturale che circonda le colline di Settignano con piccole gite ed escursioni guidate, alla conoscenza delle erbe e dei fiori dei suoi campi, dal fare crescere e vedere crescere un piccolo orto nel giardino della stessa Casa del Popolo, dal coglierne i suoi frutti ed ortaggi al cucinarli nella cucina appositamente predisposta ed assaggiare ci\u00f2 che abbiamo cucinato tutti insieme, dai laboratori con materiali naturali e oggetti riciclati che possiamo trasformare anzich\u00e8 buttare.<\/p>\n<p>Ogni giorno sar\u00e0 cos\u00ec una scoperta, un progetto dove niente \u00e8 lasciato al caso ed allo stesso tempo tutto \u00e8 ancora da inventare.<\/p>\n<p>Alcuni esperti, maestri in musica, educatori di madre lingua inglese, artisti si alterneranno, accoglieranno e seguiranno i bambini in ogni momento\u00a0 di questo piccolo e allo stesso tempo grande progetto condiviso (speriamo da molti).<\/p>\n<p>&nbsp;<\/p>\n<p>&nbsp;<\/p>\n<p><b><span style=\"text-decoration: underline\">PROSPETTO INFORMATIVO CENTRI ESTIVI SETTIGNANO 2014<\/span><\/b><\/p>\n<p>&nbsp;<\/p>\n<h2>Informazioni<\/h2>\n<p><span class=\"mark\">Le attivit\u00e0 si svolgeranno presso i locali ed il giardino della Casa del Popolo di Settignano, Via San Romano 1, Firenze<\/span><\/p>\n<h3>Orari e prezzi<\/h3>\n<div>\n<table border=\"1\">\n<tbody>\n<tr>\n<th>Servizio<\/th>\n<th>Orario<\/th>\n<th>Prezzo a settimana<\/th>\n<th>Prezzo al giorno<\/th>\n<\/tr>\n<tr>\n<td>Orario breve con mensa<\/td>\n<td>8,30\/14,30<\/td>\n<td>\u20ac 90,00\/settimana<\/td>\n<td>\u20ac 18,00 al giorno<\/td>\n<\/tr>\n<tr>\n<td>Orario lungo con mensa<\/td>\n<td>8,30\/16,30<\/td>\n<td>\u20ac 110,00\/settimana<\/td>\n<td>\u20ac 22,00 al giorno<\/td>\n<\/tr>\n<\/tbody>\n<\/table>\n<\/div>\n<div><\/div>\n<p>Sono previsti sconti per fratelli.<\/p>\n<p>Tessera annuale ARCI \u20ac 11,00<\/p>\n<div class=\"example\"><\/div>\n<h3>Periodi<\/h3>\n<div>\n<table border=\"1\">\n<tbody>\n<tr>\n<th>Mese<\/th>\n<td><\/td>\n<td><\/td>\n<td><\/td>\n<td><\/td>\n<td><\/td>\n<\/tr>\n<tr>\n<td><b>Giugno<\/b><\/td>\n<td><\/td>\n<td>15 \u2013 19<\/td>\n<td>22 \u2013 26<\/td>\n<td>29\/6 \u2013 03\/7<\/td>\n<\/tr>\n<tr>\n<td><b>Luglio<\/b><\/td>\n<td>06 \u2013 10<\/td>\n<td>13 \u2013 17<\/td>\n<td>20 \u2013 24<\/td>\n<td>27 \u2013 31<\/td>\n<td><\/td>\n<\/tr>\n<tr>\n<td><b>Settembre<\/b><\/td>\n<td>31\/8 \u2013 04\/9<\/td>\n<td>07 \u2013 11<\/td>\n<td><\/td>\n<td><\/td>\n<td><\/td>\n<\/tr>\n<\/tbody>\n<\/table>\n<\/div>\n<div><\/div>\n<h3>Informazioni generali<\/h3>\n<p><strong>I laboratori musicali<\/strong> saranno condotti dai <strong>Maestri della Scuola di Musica di Settignano<\/strong>, ciascuno per il suo strumento \u2013 <em>chitarra, pianoforte, flauto, percussioni, canto<\/em>.<\/p>\n<p><strong>I laboratori di pittura e manipolazioni<\/strong> saranno condotti da <strong>insegnanti della scuola d\u2019arte<\/strong>.<\/p>\n<p><strong>I laboratori teatrali<\/strong> saranno curati da <strong>Associazioni teatrali<\/strong>.<\/p>\n<p>Nei pomeriggi particolare attenzione sar\u00e0 dedicata alle <strong>attivit\u00e0 in lingua inglese<\/strong>, tenute da <strong>persone madrelingua<\/strong>.<\/p>\n<p>Sono previste <strong>attivit\u00e0 motorie, laboratori di educazione ambientale e Ri-uso<\/strong>.<\/p>\n<p>Ogni settimana si terranno iniziative particolari.<\/p>\n<p>Il programma settimanale dettagliato sar\u00e0 fornito all\u2019iscrizione.<\/p>\n<p>In supporto agli operatori dei vari laboratori, saranno presenti per l\u2019intera giornata pi\u00f9 assistenti.<\/p>\n<p>I pasti saranno preparati all\u2019interno della cucina della Casa del Popolo di Settignano, nel rispetto delle norme vigenti, da personale specializzato, <strong>cercando di usare il pi\u00f9 possibile prodotti biologici e a km 0.<\/strong><\/p>\n<p class=\"message info\"><strong>INFORMAZIONI E ISCRIZIONI PRESSO<\/strong>:<br \/>\nCasa del Popolo di Settignano \u2013 Via S. Romano, 1<br \/>\nTel 055 697720 e-mail: info@centriestivifirenze.it<\/p>\n<p>Scaricate e compilate i seguenti moduli, andranno consegnati al momento dell\u2019iscrizione:<br \/>\n<a href=\"http:\/\/www.centriestivifirenze.it\/wp-content\/uploads\/2014\/06\/Iscrizione-Centri-Estivi-Settignano-2015.doc\">Modulo per iscrizione<\/a><br \/>\n<a href=\"http:\/\/www.centriestivifirenze.it\/wp-content\/uploads\/2014\/06\/trattamento-dati-sensibili.doc\">Informativa sulla privacy<\/a><\/p>\n<p>&nbsp;<\/p>\n<p>&nbsp;<\/p>\n<p align=\"center\">INFORMAZIONI E ISCRIZIONI PRESSO:<\/p>\n<p align=\"center\">Casa del Popolo di Settignano &#8211;\u00a0 Via S. Romano, 1<\/p>\n<p align=\"center\">Tel 055 697720 e-mail:info@centriestivifirenze.it<\/p>\n<p align=\"center\">http:\/\/www.centriestivifirenze.it\/<\/p>\n<p align=\"center\">\n","protected":false},"excerpt":{"rendered":"<p>\u201cL&#8217;errore pi\u00f9 grande \u00e8 stato quello di credere che la terra fosse nostra quando la verit\u00e0 delle cose \u00e8 che noi siamo la terra\u201d Nicador Parra CENTRI ESTIVI A SETTIGNANO 2015 &nbsp; Siamo arrivati, orgogliosamente, alla ottava\u00a0edizione, ma molti, che ancora non ci conoscono, potrebbero chiedersi: cosa possono offrire dei Centri Estivi a Settignano, all\u2019interno [&hellip;]<\/p>\n","protected":false},"author":355,"featured_media":0,"comment_status":"open","ping_status":"open","sticky":false,"template":"","format":"standard","meta":{"footnotes":""},"categories":[15,1],"tags":[22,21,38,40,41,39,20],"class_list":["post-297","post","type-post","status-publish","format-standard","hentry","category-centri-estivi-a-settignano","category-general","tag-bambini","tag-casa-del-popolo","tag-centri-estivi","tag-estate","tag-giochi","tag-scuola","tag-settignano"],"_links":{"self":[{"href":"https:\/\/casa-del-popolo-di-settignano.noblogs.org\/index.php?rest_route=\/wp\/v2\/posts\/297","targetHints":{"allow":["GET"]}}],"collection":[{"href":"https:\/\/casa-del-popolo-di-settignano.noblogs.org\/index.php?rest_route=\/wp\/v2\/posts"}],"about":[{"href":"https:\/\/casa-del-popolo-di-settignano.noblogs.org\/index.php?rest_route=\/wp\/v2\/types\/post"}],"author":[{"embeddable":true,"href":"https:\/\/casa-del-popolo-di-settignano.noblogs.org\/index.php?rest_route=\/wp\/v2\/users\/355"}],"replies":[{"embeddable":true,"href":"https:\/\/casa-del-popolo-di-settignano.noblogs.org\/index.php?rest_route=%2Fwp%2Fv2%2Fcomments&post=297"}],"version-history":[{"count":11,"href":"https:\/\/casa-del-popolo-di-settignano.noblogs.org\/index.php?rest_route=\/wp\/v2\/posts\/297\/revisions"}],"predecessor-version":[{"id":404,"href":"https:\/\/casa-del-popolo-di-settignano.noblogs.org\/index.php?rest_route=\/wp\/v2\/posts\/297\/revisions\/404"}],"wp:attachment":[{"href":"https:\/\/casa-del-popolo-di-settignano.noblogs.org\/index.php?rest_route=%2Fwp%2Fv2%2Fmedia&parent=297"}],"wp:term":[{"taxonomy":"category","embeddable":true,"href":"https:\/\/casa-del-popolo-di-settignano.noblogs.org\/index.php?rest_route=%2Fwp%2Fv2%2Fcategories&post=297"},{"taxonomy":"post_tag","embeddable":true,"href":"https:\/\/casa-del-popolo-di-settignano.noblogs.org\/index.php?rest_route=%2Fwp%2Fv2%2Ftags&post=297"}],"curies":[{"name":"wp","href":"https:\/\/api.w.org\/{rel}","templated":true}]}}